{"id":24373,"date":"2024-07-24T11:57:32","date_gmt":"2024-07-24T15:57:32","guid":{"rendered":"https:\/\/studiobizz.com\/viens-danser-sur-lavenue-avec-studio-bizz\/"},"modified":"2025-06-15T06:45:03","modified_gmt":"2025-06-15T10:45:03","slug":"viens-danser-sur-lavenue-avec-studio-bizz","status":"publish","type":"post","link":"https:\/\/studiobizz.com\/en\/viens-danser-sur-lavenue-avec-studio-bizz\/","title":{"rendered":"Viens danser sur l&#8217;Avenue avec Studio Bizz"},"content":{"rendered":"<p><strong>Rejoins-nous sur l\u2019Avenue pour un apr\u00e8s-midi de danse sous le soleil!<\/strong><\/p>\n<p><span style=\"font-weight: 400;\">Studio Bizz est de retour pour terminer l&#8217;\u00e9t\u00e9 en force lors de la Foire Commerciale de l\u2019Avenue du Mont-Royal. Pour l&#8217;occasion, nous t&#8217;avons pr\u00e9par\u00e9 une programmation dynamique et tellement \u00e9nergisante!\u00a0<\/span><\/p>\n<p><span style=\"font-weight: 400;\">Ce samedi 24 ao\u00fbt, les profs du Studio mettront en place des performances pour animer la foule et mettre du plaisir dans ta journ\u00e9e. De plus, on aura des PROMOTIONS pour toi que tu ne pourras pas refuser!<\/span><\/p>\n<p>Viens bouger avec nous <span style=\"font-weight: 400;\">d\u00e8s 14h!<\/span><\/p>\n<p>QUAND &#8211; <strong>Samedi 24 ao\u00fbt, \u00e0 partir de 14h<br \/>\n<\/strong>O\u00d9 &#8211; <strong>Sur la place G\u00e9rald-Godin face au m\u00e9tro Mont-Royal<br \/>\n<\/strong>COMMENT &#8211; <strong>Pas besoin de t\u2019inscrire, c\u2019est GRATUIT! Am\u00e8ne juste une bouteille d\u2019eau et ton beau sourire!<\/strong><\/p>\n<p><strong><b>\u2192\u00a0 <\/b>Animation par Dizzylock!<br \/>\n<\/strong>\u2192\u00a0 Performances de Reggae Dancehall, Afro, Jazz Funk, Zumba, Cheer Dance, Latin Groove et plus encore!<\/p>\n<p><span style=\"font-weight: 400;\">En cas de pluie, les prestations seront malheureusement annul\u00e9es.<br \/>\n<\/span><span style=\"font-weight: 400;\">Surveillez notre page <a href=\"https:\/\/www.facebook.com\/studiobizzmontroyal\" target=\"_blank\" rel=\"noopener noreferrer\">Facebook<\/a> et <a href=\"https:\/\/www.instagram.com\/studiobizz\/\" target=\"_blank\" rel=\"noopener noreferrer\">Instagram<\/a> pour rester \u00e0 l\u2019aff\u00fbt !<\/span><\/p>\n<p><span style=\"font-weight: 400;\">L\u2019\u00e9quipe de Studio Bizz<\/span><\/p>\n","protected":false},"excerpt":{"rendered":"Rejoins-nous sur l\u2019Avenue pour un apr\u00e8s-midi de danse sous le soleil! Studio Bizz est de retour pour terminer l&#8217;\u00e9t\u00e9 en force lors de la Foire Commerciale de l\u2019Avenue du Mont-Royal. Pour l&#8217;occasion, nous t&#8217;avons pr\u00e9par\u00e9 une programmation dynamique et tellement \u00e9nergisante!\u00a0 Ce samedi 24 ao\u00fbt, les profs du Studio mettront en place des performances pour ","protected":false},"author":2,"featured_media":24370,"comment_status":"open","ping_status":"open","sticky":false,"template":"","format":"standard","meta":{"_acf_changed":false,"footnotes":""},"categories":[65],"tags":[],"class_list":["post-24373","post","type-post","status-publish","format-standard","has-post-thumbnail","hentry","category-nouvelles-en"],"acf":[],"aioseo_notices":[],"_links":{"self":[{"href":"https:\/\/studiobizz.com\/en\/wp-json\/wp\/v2\/posts\/24373","targetHints":{"allow":["GET"]}}],"collection":[{"href":"https:\/\/studiobizz.com\/en\/wp-json\/wp\/v2\/posts"}],"about":[{"href":"https:\/\/studiobizz.com\/en\/wp-json\/wp\/v2\/types\/post"}],"author":[{"embeddable":true,"href":"https:\/\/studiobizz.com\/en\/wp-json\/wp\/v2\/users\/2"}],"replies":[{"embeddable":true,"href":"https:\/\/studiobizz.com\/en\/wp-json\/wp\/v2\/comments?post=24373"}],"version-history":[{"count":4,"href":"https:\/\/studiobizz.com\/en\/wp-json\/wp\/v2\/posts\/24373\/revisions"}],"predecessor-version":[{"id":25728,"href":"https:\/\/studiobizz.com\/en\/wp-json\/wp\/v2\/posts\/24373\/revisions\/25728"}],"wp:featuredmedia":[{"embeddable":true,"href":"https:\/\/studiobizz.com\/en\/wp-json\/wp\/v2\/media\/24370"}],"wp:attachment":[{"href":"https:\/\/studiobizz.com\/en\/wp-json\/wp\/v2\/media?parent=24373"}],"wp:term":[{"taxonomy":"category","embeddable":true,"href":"https:\/\/studiobizz.com\/en\/wp-json\/wp\/v2\/categories?post=24373"},{"taxonomy":"post_tag","embeddable":true,"href":"https:\/\/studiobizz.com\/en\/wp-json\/wp\/v2\/tags?post=24373"}],"curies":[{"name":"wp","href":"https:\/\/api.w.org\/{rel}","templated":true}]}}