{"id":22284,"date":"2023-04-08T12:35:54","date_gmt":"2023-04-08T16:35:54","guid":{"rendered":"https:\/\/studiobizz.com\/journee-portes-ouvertes-du-printemps-2023-au-studio-bizz\/"},"modified":"2025-04-17T05:06:54","modified_gmt":"2025-04-17T09:06:54","slug":"journee-portes-ouvertes-du-printemps-2023-au-studio-bizz","status":"publish","type":"post","link":"https:\/\/studiobizz.com\/en\/journee-portes-ouvertes-du-printemps-2023-au-studio-bizz\/","title":{"rendered":"Journ\u00e9e portes ouvertes du printemps 2023 au Studio Bizz"},"content":{"rendered":"<h3><strong>Une journ\u00e9e de d\u00e9couverte \u00e0 ne pas manquer!<\/strong><\/h3>\n<p><span style=\"font-weight: 400;\">Le dimanche 23 avril prochain, viens bouger au Studio Bizz!\u00a0<\/span><\/p>\n<p><span style=\"font-weight: 400;\">Pendant notre journ\u00e9e portes ouvertes, tu pourras\u2026<\/span><\/p>\n<ul>\n<li style=\"font-weight: 400;\" aria-level=\"1\"><span style=\"font-weight: 400;\">Essayer des cours parmi une vingtaine de disciplines!<\/span><\/li>\n<li><span style=\"font-weight: 400;\">Rencontrer l\u2019\u00e9quipe des profs et d\u00e9couvrir le studio!<\/span><\/li>\n<li>Contribuer \u00e0 une bonne cause puisque le co\u00fbt d&#8217;entr\u00e9e sera enti\u00e8rement remis \u00e0 la Fondation de l\u2019Institut de Cardiologie de Montr\u00e9al!<\/li>\n<li style=\"font-weight: 400;\" aria-level=\"1\"><span style=\"font-weight: 400;\">Avoir beaucoup de plaisir!<\/span><\/li>\n<\/ul>\n<p><span style=\"font-weight: 400;\">On t\u2019invite \u00e0 emmener ta gang, mais surtout \u00e0 <a href=\"https:\/\/studiobizz.com\/en\/rates-and-subscription\/\" target=\"_blank\" rel=\"noopener noreferrer\">t\u2019inscrire MAINTENANT<\/a> en te procurant la passe <strong>ACC\u00c8S POUR LA JOURN\u00c9E PORTES OUVERTES<\/strong>. Ensuite, n&#8217;oublie pas de t&#8217;inscrire aux cours, car les places sont limit\u00e9es.<\/span><\/p>\n<p><strong>QUAND:\u00a0<\/strong><span style=\"font-weight: 400;\">DIMANCHE 23 AVRIL 2023 \u2013 DE 10H \u00c0 17H<br \/>\n<strong>TARIF: <\/strong>5$ &#8211; <\/span>remis \u00e0 la Fondation de l\u2019Institut de Cardiologie de Montr\u00e9al!<br \/>\n<span style=\"font-weight: 400;\"><strong>O\u00d9:<\/strong> STUDIO BIZZ MONT-ROYAL, 551 AVENUE DU MONT-ROYAL EST, 3e \u00c9TAGE<\/span><\/p>\n<p><b>HORAIRE DES COURS<\/b><\/p>\n<p><span style=\"font-weight: 400;\">*NOTE QU\u2019IL EST POSSIBLE DE T\u2019INSCRIRE \u00c0 UN MAXIMUM DE 3 COURS<br \/>\n<\/span><span style=\"font-weight: 400;\">Si tu ne peux pas te pr\u00e9senter \u00e0 un cours auquel tu t\u2019es inscrit\u00b7e, merci de te d\u00e9sinscrire pour laisser la place \u00e0 une nouvelle personne.<\/span><\/p>\n<p><span style=\"font-weight: 400;\">Les cours sont ouverts \u00e0 tous les niveaux sauf mention contraire.<\/span><\/p>\n<p><b>STUDIO A<br \/>\n<\/b>10h30 \u00e0 11h30 &#8211; Callisth\u00e9nie avec Gr\u00e9goire<br \/>\n11h30 \u00e0 12h30 &#8211; Danses sociales avec Anouck<br \/>\n12h30 \u00e0 13h30 &#8211; Danse orientale avec Aliki<br \/>\n13h30 \u00e0 14h30 &#8211; Afro House avec Sale Almirante<br \/>\n14h30 \u00e0 15h30 &#8211; Samba avec Nicole<br \/>\n15h30 \u00e0 16h30 &#8211; Burlesque avec Nanah<\/p>\n<p><b>STUDIO B<br \/>\n<\/b>10h \u00e0 11h30 &#8211; <a href=\"https:\/\/studiobizz.com\/en\/group-class\/ballet-avance\/france-dufresne-2\/\" target=\"_blank\" rel=\"noopener noreferrer\">Ballet avec France (niveau avanc\u00e9)<\/a><br \/>\n11h30 \u00e0 13h &#8211; <a href=\"https:\/\/studiobizz.com\/professeur\/alliowe-olanrewaju\/\" target=\"_blank\" rel=\"noopener noreferrer\">Afro dance avec Alliowe (classe offerte en anglais seulement)<\/a><br \/>\n13h \u00e0 14h &#8211; <a href=\"https:\/\/studiobizz.com\/professeur\/ana-maria-comba\/\" target=\"_blank\" rel=\"noopener noreferrer\">Ballet barre fitness avec Ana Maria<\/a><br \/>\n14h \u00e0 15h &#8211; <a href=\"https:\/\/studiobizz.com\/professeur\/ana-maria-comba\/\" target=\"_blank\" rel=\"noopener noreferrer\">Latin groove avec Ana Maria<\/a><br \/>\n15h \u00e0 16h &#8211; Ballet avec Olena (niveau \u00e9l\u00e9mentaire)<br \/>\n16h \u00e0 17h &#8211; Barre fusion avec Olena<\/p>\n<p><b>STUDIO C<br \/>\n<\/b>10h30 \u00e0 11h30 &#8211; Yoga vinyasa avec Sarah<br \/>\n11h30 \u00e0 12h30 &#8211; Claquettes avec Hannah-Jane<br \/>\n12h30 \u00e0 13h30 &#8211; Tamil Fusion avec Virushigaa<br \/>\n13h30 \u00e0 14h30 &#8211; <a href=\"https:\/\/studiobizz.com\/en\/group-class\/zumba-3\/sarah-bernard-2\/\" target=\"_blank\" rel=\"noopener noreferrer\">Zumba avec Sarah<\/a><br \/>\n14h30 \u00e0 15h30 &#8211; Hip Hop chor\u00e9graphique avec Emily<br \/>\n15h30 \u00e0 16h30 &#8211; Reggaeton avec Juan<b><br \/>\n<\/b><\/p>\n<p><b>STUDIO D<br \/>\n<\/b>10h \u00e0 11h &#8211; Contemporain avec Lou<br \/>\n11h \u00e0 12h &#8211; <a href=\"https:\/\/studiobizz.com\/professeur\/rameez-karim\/\" target=\"_blank\" rel=\"noopener noreferrer\">Bollywood avec Rameez<\/a><br \/>\n12h \u00e0 14h &#8211; Mouvement Flow avec Didier<br \/>\n14h \u00e0 15h &#8211; Variation ballet classique avec Guyonn (niveau interm\u00e9diaire-avanc\u00e9)<br \/>\n15h \u00e0 16h &#8211; <a href=\"https:\/\/studiobizz.com\/professeur\/coralie-plante\/\" target=\"_blank\" rel=\"noopener noreferrer\">Pole dance chor\u00e9graphique avec Coralie (niveau d\u00e9butant-interm\u00e9diaire)<\/a><br \/>\n16h \u00e0 17h &#8211; <a href=\"https:\/\/studiobizz.com\/professeur\/cecilia-lico\/\" target=\"_blank\" rel=\"noopener noreferrer\">Pole danse tricks &amp; flows avec Cecilia (niveau d\u00e9butant)<\/a><\/p>\n<p><a href=\"https:\/\/studiobizz.com\/en\/rates-and-subscription\/\" target=\"_blank\" rel=\"noopener noreferrer\"><span style=\"font-weight: 400;\">Inscris-toi ici!<\/span><\/a><\/p>\n<p><span style=\"font-weight: 400;\">Prend note que cet \u00e9v\u00e9nement sera film\u00e9 et photographi\u00e9, l\u2019inscription \u00e0 une classe signifie que tu consens \u00e0 \u00eatre dans les photos et vid\u00e9os prises par le Studio.\u00a0<\/span><\/p>\n<p><span style=\"font-weight: 400;\">Au plaisir de bouger avec toi au Studio!<\/span><\/p>\n<p>&nbsp;<\/p>\n","protected":false},"excerpt":{"rendered":"Une journ\u00e9e de d\u00e9couverte \u00e0 ne pas manquer! Le dimanche 23 avril prochain, viens bouger au Studio Bizz!\u00a0 Pendant notre journ\u00e9e portes ouvertes, tu pourras\u2026 Essayer des cours parmi une vingtaine de disciplines! Rencontrer l\u2019\u00e9quipe des profs et d\u00e9couvrir le studio! Contribuer \u00e0 une bonne cause puisque le co\u00fbt d&#8217;entr\u00e9e sera enti\u00e8rement remis \u00e0 la ","protected":false},"author":7,"featured_media":21947,"comment_status":"closed","ping_status":"open","sticky":false,"template":"","format":"standard","meta":{"_acf_changed":false,"footnotes":""},"categories":[65],"tags":[],"class_list":["post-22284","post","type-post","status-publish","format-standard","has-post-thumbnail","hentry","category-nouvelles-en"],"acf":[],"aioseo_notices":[],"_links":{"self":[{"href":"https:\/\/studiobizz.com\/en\/wp-json\/wp\/v2\/posts\/22284","targetHints":{"allow":["GET"]}}],"collection":[{"href":"https:\/\/studiobizz.com\/en\/wp-json\/wp\/v2\/posts"}],"about":[{"href":"https:\/\/studiobizz.com\/en\/wp-json\/wp\/v2\/types\/post"}],"author":[{"embeddable":true,"href":"https:\/\/studiobizz.com\/en\/wp-json\/wp\/v2\/users\/7"}],"replies":[{"embeddable":true,"href":"https:\/\/studiobizz.com\/en\/wp-json\/wp\/v2\/comments?post=22284"}],"version-history":[{"count":8,"href":"https:\/\/studiobizz.com\/en\/wp-json\/wp\/v2\/posts\/22284\/revisions"}],"predecessor-version":[{"id":25555,"href":"https:\/\/studiobizz.com\/en\/wp-json\/wp\/v2\/posts\/22284\/revisions\/25555"}],"wp:featuredmedia":[{"embeddable":true,"href":"https:\/\/studiobizz.com\/en\/wp-json\/wp\/v2\/media\/21947"}],"wp:attachment":[{"href":"https:\/\/studiobizz.com\/en\/wp-json\/wp\/v2\/media?parent=22284"}],"wp:term":[{"taxonomy":"category","embeddable":true,"href":"https:\/\/studiobizz.com\/en\/wp-json\/wp\/v2\/categories?post=22284"},{"taxonomy":"post_tag","embeddable":true,"href":"https:\/\/studiobizz.com\/en\/wp-json\/wp\/v2\/tags?post=22284"}],"curies":[{"name":"wp","href":"https:\/\/api.w.org\/{rel}","templated":true}]}}