{"id":22280,"date":"2023-08-15T11:36:58","date_gmt":"2023-08-15T15:36:58","guid":{"rendered":"https:\/\/studiobizz.com\/studio-bizz-sur-lavenue-2e-foire-commerciale-de-lete-2023\/"},"modified":"2025-06-15T06:45:02","modified_gmt":"2025-06-15T10:45:02","slug":"studio-bizz-sur-lavenue-2e-foire-commerciale-de-lete-2023","status":"publish","type":"post","link":"https:\/\/studiobizz.com\/en\/studio-bizz-sur-lavenue-2e-foire-commerciale-de-lete-2023\/","title":{"rendered":"Studio Bizz sur l&#8217;avenue &#8211; 2e foire commerciale de l&#8217;\u00e9t\u00e9 2023"},"content":{"rendered":"<p><strong>Rejoins-nous sur l\u2019Avenue pour un apr\u00e8s-midi de danse sous le soleil!<\/strong><\/p>\n<p><span style=\"font-weight: 400;\">Studio Bizz est de retour pour la deuxi\u00e8me Foire Commerciale de l\u2019Avenue du Mont-Royal et t\u2019a pr\u00e9par\u00e9 une programmation dynamique et \u00e9nergisante!\u00a0<\/span><\/p>\n<p><span style=\"font-weight: 400;\">Ce samedi 26 ao\u00fbt, les profs du Studio mettront en place des performances pour animer la foule et mettre du plaisir dans ta journ\u00e9e. De plus, on aura plein de cadeaux \u00e0 faire tirer!<\/span><\/p>\n<p>Viens bouger avec nous <span style=\"font-weight: 400;\">d\u00e8s 14h<\/span><\/p>\n<p>QUAND &#8211; <strong>Samedi 26 ao\u00fbt, \u00e0 partir de 14h<br \/>\n<\/strong>O\u00d9 &#8211; <strong>Sur la rue au Studio Bizz Mont-Royal, 551 Avenue du Mont-Royal Est (\u00e0 l&#8217;ext\u00e9rieur)<br \/>\n<\/strong>COMMENT &#8211; <strong>Pas besoin de t\u2019inscrire, c\u2019est GRATUIT! Am\u00e8ne juste une bouteille d\u2019eau et ton beau sourire!<\/strong><\/p>\n<p><strong><b>\u2192\u00a0 <\/b>Animation par Rodred!<br \/>\n<\/strong>\u2192\u00a0 Performances de Hip Hop, K-Pop, Breakdance, Salsa, Zumba et Bollywood!<\/p>\n<p><span style=\"font-weight: 400;\">En cas de pluie, les prestations seront malheureusement annul\u00e9es.<br \/>\n<\/span><span style=\"font-weight: 400;\">Surveillez notre page <a href=\"https:\/\/www.facebook.com\/studiobizzmontroyal\" target=\"_blank\" rel=\"noopener noreferrer\">Facebook<\/a> et <a href=\"https:\/\/www.instagram.com\/studiobizz\/\" target=\"_blank\" rel=\"noopener noreferrer\">Instagram<\/a> pour rester \u00e0 l\u2019aff\u00fbt !<\/span><\/p>\n<p><span style=\"font-weight: 400;\">L\u2019\u00e9quipe de Studio Bizz<\/span><\/p>\n","protected":false},"excerpt":{"rendered":"Rejoins-nous sur l\u2019Avenue pour un apr\u00e8s-midi de danse sous le soleil! Studio Bizz est de retour pour la deuxi\u00e8me Foire Commerciale de l\u2019Avenue du Mont-Royal et t\u2019a pr\u00e9par\u00e9 une programmation dynamique et \u00e9nergisante!\u00a0 Ce samedi 26 ao\u00fbt, les profs du Studio mettront en place des performances pour animer la foule et mettre du plaisir dans ","protected":false},"author":7,"featured_media":21481,"comment_status":"open","ping_status":"open","sticky":false,"template":"","format":"standard","meta":{"_acf_changed":false,"footnotes":""},"categories":[65],"tags":[],"class_list":["post-22280","post","type-post","status-publish","format-standard","has-post-thumbnail","hentry","category-nouvelles-en"],"acf":[],"aioseo_notices":[],"_links":{"self":[{"href":"https:\/\/studiobizz.com\/en\/wp-json\/wp\/v2\/posts\/22280","targetHints":{"allow":["GET"]}}],"collection":[{"href":"https:\/\/studiobizz.com\/en\/wp-json\/wp\/v2\/posts"}],"about":[{"href":"https:\/\/studiobizz.com\/en\/wp-json\/wp\/v2\/types\/post"}],"author":[{"embeddable":true,"href":"https:\/\/studiobizz.com\/en\/wp-json\/wp\/v2\/users\/7"}],"replies":[{"embeddable":true,"href":"https:\/\/studiobizz.com\/en\/wp-json\/wp\/v2\/comments?post=22280"}],"version-history":[{"count":3,"href":"https:\/\/studiobizz.com\/en\/wp-json\/wp\/v2\/posts\/22280\/revisions"}],"predecessor-version":[{"id":25725,"href":"https:\/\/studiobizz.com\/en\/wp-json\/wp\/v2\/posts\/22280\/revisions\/25725"}],"wp:featuredmedia":[{"embeddable":true,"href":"https:\/\/studiobizz.com\/en\/wp-json\/wp\/v2\/media\/21481"}],"wp:attachment":[{"href":"https:\/\/studiobizz.com\/en\/wp-json\/wp\/v2\/media?parent=22280"}],"wp:term":[{"taxonomy":"category","embeddable":true,"href":"https:\/\/studiobizz.com\/en\/wp-json\/wp\/v2\/categories?post=22280"},{"taxonomy":"post_tag","embeddable":true,"href":"https:\/\/studiobizz.com\/en\/wp-json\/wp\/v2\/tags?post=22280"}],"curies":[{"name":"wp","href":"https:\/\/api.w.org\/{rel}","templated":true}]}}